{"id":564,"date":"2020-01-13T08:54:04","date_gmt":"2020-01-13T08:54:04","guid":{"rendered":"https:\/\/demo.themefreesia.com\/cocktail\/?p=564"},"modified":"2020-10-20T14:39:28","modified_gmt":"2020-10-20T11:39:28","slug":"egitim","status":"publish","type":"post","link":"http:\/\/www.lavidanismanlik.com.tr\/?p=564","title":{"rendered":"E\u011fitimler"},"content":{"rendered":"<h3><strong>Ruh Sa\u011fl\u0131\u011f\u0131 Alan\u0131nda \u00c7al\u0131\u015fan Profesyonellere Y\u00f6nelik D\u00fczenledi\u011fimiz E\u011fitimler<\/strong><\/h3>\n<h4><strong>Sanatla Terapi Tan\u0131\u015fma At\u00f6lyesi<\/strong><\/h4>\n<p><b>At\u00f6lyenin Amac\u0131<\/b><\/p>\n<p>Bu at\u00f6lyenin amac\u0131; kat\u0131l\u0131mc\u0131lar\u0131n sanatla terapinin ne oldu\u011funu ve nas\u0131l i\u015fledi\u011fini, sanat\u0131n psikoterapide nas\u0131l kullan\u0131ld\u0131\u011f\u0131n\u0131 deneyimleyerek ke\u015ffetmeleri ve kendi \u00e7al\u0131\u015fmalar\u0131nda nas\u0131l kullanacaklar\u0131na dair fikir edinmeleridir.<span class=\"Apple-converted-space\">\u00a0<\/span><\/p>\n<p><b>At\u00f6lyede Neler Var?<\/b><\/p>\n<p>Bu at\u00f6lyede; sanatla terapinin ne oldu\u011fu ve ruh sa\u011fl\u0131\u011f\u0131 alan\u0131nda nas\u0131l kullan\u0131ld\u0131\u011f\u0131na dair vaka \u00f6rnekleriyle birlikte teorik bilgilendirme ve bir sanatla terapi uygulamas\u0131na yer verilecektir. Kat\u0131l\u0131mc\u0131lara e\u011fitim sonunda \u201cKat\u0131l\u0131m Belgesi\u201d verilecektir.<span class=\"Apple-converted-space\">\u00a0<\/span><\/p>\n<p><b>Kimler Kat\u0131labilir?<\/b><\/p>\n<p>Ruh sa\u011fl\u0131\u011f\u0131 ve e\u011fitim alan\u0131nda \u00e7al\u0131\u015fan ve sanatla terapiyi merak eden t\u00fcm profesyonellere a\u00e7\u0131kt\u0131r.<span class=\"Apple-converted-space\">\u00a0<\/span><\/p>\n<h4><strong>Ba\u011f\u0131ml\u0131l\u0131kta Sanatla Terapi E\u011fitimi<span class=\"Apple-converted-space\">\u00a0<\/span><\/strong><\/h4>\n<p><b>At\u00f6lyenin Amac\u0131<\/b><\/p>\n<p>Bu at\u00f6lyenin amac\u0131;\u00a0ba\u011f\u0131ml\u0131l\u0131k alan\u0131nda \u00e7al\u0131\u015fan sa\u011fl\u0131k profesyonellerinin, deneyimleyerek sanatla terapinin ne oldu\u011funa, nas\u0131l i\u015fledi\u011fine, \u00e7e\u015fitli sanat dallar\u0131n\u0131n psikoterapide nas\u0131l kullan\u0131ld\u0131\u011f\u0131na ve kendi \u00e7al\u0131\u015fmalar\u0131nda nas\u0131l kullanabileceklerine dair bilgi edinmeleridir.<\/p>\n<p><b>At\u00f6lyede Neler Var?<\/b><\/p>\n<p>Bu at\u00f6lyede;\u00a0sanatla terapinin genel \u00e7er\u00e7evesi, kuramsal yap\u0131s\u0131 ve uygulama \u00f6rnekleriyle ba\u011f\u0131ml\u0131l\u0131kta kullan\u0131m\u0131 ile ilgili bilgilerin yer ald\u0131\u011f\u0131\u00a0teorik bilgilendirme ve bir sanatla terapi uygulamas\u0131na yer verilecektir. Kat\u0131l\u0131mc\u0131lara e\u011fitim sonunda \u201cKat\u0131l\u0131m Belgesi\u201d verilecektir.<span class=\"Apple-converted-space\">\u00a0<\/span><\/p>\n<p><b>Kimler Kat\u0131labilir?<\/b><\/p>\n<p>Ba\u011f\u0131ml\u0131l\u0131kla \u00e7al\u0131\u015fan ve sanatla terapiyi merak eden deneyimli t\u00fcm ruh sa\u011fl\u0131\u011f\u0131 profesyonellerine a\u00e7\u0131kt\u0131r.<span class=\"Apple-converted-space\">\u00a0<\/span><\/p>\n<h3><strong>Okullar i\u00e7in d\u00fczenledi\u011fimiz e\u011fitim ve etkinlikler;<\/strong><\/h3>\n<h4><strong>Ba\u011f\u0131ml\u0131l\u0131k E\u011fitimleri<\/strong><\/h4>\n<h4><b>Teknolojik Ba\u011f\u0131ml\u0131l\u0131klar ve \u00c7ocuklara Bilin\u00e7li Teknoloji Kullan\u0131m Al\u0131\u015fkanl\u0131klar\u0131n\u0131n Kazand\u0131r\u0131lmas\u0131<span class=\"Apple-converted-space\">\u00a0<\/span><\/b><\/h4>\n<h4><strong>Sanatla S\u0131nav Kayg\u0131s\u0131n\u0131 Azaltmaya Y\u00f6nelik At\u00f6lyeler<\/strong><\/h4>\n\n\n<p><\/p>\n","protected":false},"excerpt":{"rendered":"<p>Ruh Sa\u011fl\u0131\u011f\u0131 Alan\u0131nda \u00c7al\u0131\u015fan Profesyonellere Y\u00f6nelik D\u00fczenledi\u011fimiz E\u011fitimler Sanatla Terapi Tan\u0131\u015fma At\u00f6lyesi At\u00f6lyenin Amac\u0131 Bu at\u00f6lyenin amac\u0131; kat\u0131l\u0131mc\u0131lar\u0131n sanatla terapinin ne oldu\u011funu ve nas\u0131l i\u015fledi\u011fini,<a href=\"http:\/\/www.lavidanismanlik.com.tr\/?p=564\" class=\"more-link\"><span class=\"screen-reader-text\"> &#8220;E\u011fitimler&#8221;<\/span><\/a><\/p>\n","protected":false},"author":1,"featured_media":1047,"comment_status":"closed","ping_status":"closed","sticky":false,"template":"","format":"image","meta":{"_vp_format_video_url":"","_vp_image_focal_point":[]},"categories":[21],"tags":[],"_links":{"self":[{"href":"http:\/\/www.lavidanismanlik.com.tr\/index.php?rest_route=\/wp\/v2\/posts\/564"}],"collection":[{"href":"http:\/\/www.lavidanismanlik.com.tr\/index.php?rest_route=\/wp\/v2\/posts"}],"about":[{"href":"http:\/\/www.lavidanismanlik.com.tr\/index.php?rest_route=\/wp\/v2\/types\/post"}],"author":[{"embeddable":true,"href":"http:\/\/www.lavidanismanlik.com.tr\/index.php?rest_route=\/wp\/v2\/users\/1"}],"replies":[{"embeddable":true,"href":"http:\/\/www.lavidanismanlik.com.tr\/index.php?rest_route=%2Fwp%2Fv2%2Fcomments&post=564"}],"version-history":[{"count":6,"href":"http:\/\/www.lavidanismanlik.com.tr\/index.php?rest_route=\/wp\/v2\/posts\/564\/revisions"}],"predecessor-version":[{"id":1503,"href":"http:\/\/www.lavidanismanlik.com.tr\/index.php?rest_route=\/wp\/v2\/posts\/564\/revisions\/1503"}],"wp:featuredmedia":[{"embeddable":true,"href":"http:\/\/www.lavidanismanlik.com.tr\/index.php?rest_route=\/wp\/v2\/media\/1047"}],"wp:attachment":[{"href":"http:\/\/www.lavidanismanlik.com.tr\/index.php?rest_route=%2Fwp%2Fv2%2Fmedia&parent=564"}],"wp:term":[{"taxonomy":"category","embeddable":true,"href":"http:\/\/www.lavidanismanlik.com.tr\/index.php?rest_route=%2Fwp%2Fv2%2Fcategories&post=564"},{"taxonomy":"post_tag","embeddable":true,"href":"http:\/\/www.lavidanismanlik.com.tr\/index.php?rest_route=%2Fwp%2Fv2%2Ftags&post=564"}],"curies":[{"name":"wp","href":"https:\/\/api.w.org\/{rel}","templated":true}]}}