{"id":2137,"date":"2023-01-17T12:13:09","date_gmt":"2023-01-17T09:13:09","guid":{"rendered":"http:\/\/www.lavidanismanlik.com.tr\/?p=2137"},"modified":"2023-01-17T12:18:16","modified_gmt":"2023-01-17T09:18:16","slug":"ara-tatil-cocuk-sanat-atolyesi-workshop","status":"publish","type":"post","link":"http:\/\/www.lavidanismanlik.com.tr\/?p=2137","title":{"rendered":"Ara Tatil \u00c7ocuk Sanat At\u00f6lyesi (Workshop)"},"content":{"rendered":"\n<p>Ara tatilde At\u00f6lye Pas ile birlikte \u00e7ocuklar i\u00e7in iki oturumluk bir sanat at\u00f6lyesi planlad\u0131k. \u00c7ocu\u011funuzun resim sanat\u0131na ve ressamlara y\u00f6nelik alg\u0131s\u0131nda olumlu bir de\u011fi\u015fim olu\u015fturmak ve kendi yarat\u0131c\u0131l\u0131k potansiyelini fark etmesine yard\u0131mc\u0131 olmak amac\u0131yla d\u00fczenledi\u011fimiz bu iki haftal\u0131k \u00e7al\u0131\u015fmada bize d\u00fcnyaca \u00fcnl\u00fc iki ressam e\u015flik edecek.&nbsp;<\/p>\n\n\n\n<p>\u0130lk oturumda Hollandal\u0131 Post-Empresyonist sanat\u00e7\u0131 Vincent Van Gogh ve Y\u0131ld\u0131zl\u0131 Gece tablosu \u00fczerine k\u0131sa bilgilendirmeler ve okumalar yap\u0131lacak. Sonras\u0131nda \u00e7ocuklar taraf\u0131ndan Y\u0131ld\u0131zl\u0131 Gece tablosunun birer kopyas\u0131 olu\u015fturulacak.&nbsp;<\/p>\n\n\n\n<p>\u0130kinci oturumda ise \u0130spanyol ressam Joan Miro\u2019nun kendi \u00e7ocuklu\u011funa dair pek \u00e7ok ayr\u0131nt\u0131y\u0131 bir araya getirdi\u011fi \u00c7iftlik tablosu \u00fczerine bilgilendirmeler yap\u0131ld\u0131ktan sonra \u00e7ocuklar kendi \u00e7iftliklerini tasarlayacaklar. &nbsp;<\/p>\n\n\n\n<p>At\u00f6lye \u00e7al\u0131\u015fmam\u0131z s\u0131n\u0131rl\u0131 kontenjanla (5 \u00e7ocuk) 27 Ocak Cuma ve 3 \u015eubat Cuma 13.00-14.00 saatleri aras\u0131nda ger\u00e7ekle\u015fecektir. 6-11 ya\u015f aral\u0131\u011f\u0131ndaki \u00e7ocuklar\u0131n kat\u0131l\u0131m\u0131na a\u00e7\u0131kt\u0131r.&nbsp;<\/p>\n\n\n\n<p>Detayl\u0131 bilgi i\u00e7in bize  ula\u015fabilirsiniz.&nbsp;<\/p>\n\n\n\n<p><\/p>\n","protected":false},"excerpt":{"rendered":"<p>Ara tatilde At\u00f6lye Pas ile birlikte \u00e7ocuklar i\u00e7in iki oturumluk bir sanat at\u00f6lyesi planlad\u0131k. \u00c7ocu\u011funuzun resim sanat\u0131na ve ressamlara y\u00f6nelik alg\u0131s\u0131nda olumlu bir de\u011fi\u015fim olu\u015fturmak<a href=\"http:\/\/www.lavidanismanlik.com.tr\/?p=2137\" class=\"more-link\"><span class=\"screen-reader-text\"> &#8220;Ara Tatil \u00c7ocuk Sanat At\u00f6lyesi (Workshop)&#8221;<\/span><\/a><\/p>\n","protected":false},"author":1,"featured_media":2140,"comment_status":"closed","ping_status":"closed","sticky":false,"template":"","format":"standard","meta":{"_vp_format_video_url":"","_vp_image_focal_point":[]},"categories":[55],"tags":[74,96,107,71,62,22,108],"_links":{"self":[{"href":"http:\/\/www.lavidanismanlik.com.tr\/index.php?rest_route=\/wp\/v2\/posts\/2137"}],"collection":[{"href":"http:\/\/www.lavidanismanlik.com.tr\/index.php?rest_route=\/wp\/v2\/posts"}],"about":[{"href":"http:\/\/www.lavidanismanlik.com.tr\/index.php?rest_route=\/wp\/v2\/types\/post"}],"author":[{"embeddable":true,"href":"http:\/\/www.lavidanismanlik.com.tr\/index.php?rest_route=\/wp\/v2\/users\/1"}],"replies":[{"embeddable":true,"href":"http:\/\/www.lavidanismanlik.com.tr\/index.php?rest_route=%2Fwp%2Fv2%2Fcomments&post=2137"}],"version-history":[{"count":3,"href":"http:\/\/www.lavidanismanlik.com.tr\/index.php?rest_route=\/wp\/v2\/posts\/2137\/revisions"}],"predecessor-version":[{"id":2142,"href":"http:\/\/www.lavidanismanlik.com.tr\/index.php?rest_route=\/wp\/v2\/posts\/2137\/revisions\/2142"}],"wp:featuredmedia":[{"embeddable":true,"href":"http:\/\/www.lavidanismanlik.com.tr\/index.php?rest_route=\/wp\/v2\/media\/2140"}],"wp:attachment":[{"href":"http:\/\/www.lavidanismanlik.com.tr\/index.php?rest_route=%2Fwp%2Fv2%2Fmedia&parent=2137"}],"wp:term":[{"taxonomy":"category","embeddable":true,"href":"http:\/\/www.lavidanismanlik.com.tr\/index.php?rest_route=%2Fwp%2Fv2%2Fcategories&post=2137"},{"taxonomy":"post_tag","embeddable":true,"href":"http:\/\/www.lavidanismanlik.com.tr\/index.php?rest_route=%2Fwp%2Fv2%2Ftags&post=2137"}],"curies":[{"name":"wp","href":"https:\/\/api.w.org\/{rel}","templated":true}]}}