{"id":1640,"date":"2020-11-23T12:36:18","date_gmt":"2020-11-23T09:36:18","guid":{"rendered":"http:\/\/www.lavidanismanlik.com.tr\/?p=1640"},"modified":"2020-12-08T12:00:55","modified_gmt":"2020-12-08T09:00:55","slug":"sanatla-farkindalik-yolculugu","status":"publish","type":"post","link":"http:\/\/www.lavidanismanlik.com.tr\/?p=1640","title":{"rendered":"Sanatla Fark\u0131ndal\u0131k Yolculu\u011fu"},"content":{"rendered":"\n<p>Duygular\u0131m\u0131z\u0131n, al\u0131\u015fkanl\u0131klar\u0131m\u0131z\u0131n, ya\u015fam d\u00f6ng\u00fcm\u00fcz\u00fcn de\u011fi\u015fti\u011fi ve d\u00f6n\u00fc\u015ft\u00fc\u011f\u00fc bir zamanday\u0131z. Biz de sanat\u0131n iyile\u015ftirici g\u00fcc\u00fcn\u00fc birlikte deneyimlemi\u015f \u00fc\u00e7 arkada\u015f Buket Din\u00e7elli Ela Ural ve Duygu Bilgin dayan\u0131kl\u0131l\u0131\u011f\u0131m\u0131z ve incinebilirli\u011fimizle y\u00fczle\u015fti\u011fimiz bu d\u00f6nemde yenilenme ihtiyac\u0131n\u0131n oldu\u011funu d\u00fc\u015f\u00fcnerek b\u00f6yle bir yolculuk ba\u015flatmaya karar verdik.<br>\u0130\u00e7 d\u00fcnyan\u0131za do\u011fru \u00e7\u0131kt\u0131\u011f\u0131n\u0131z bu yolculukta birlikte g\u00fcven ve umut temalar\u0131na daha yak\u0131ndan bakman\u0131za yard\u0131mc\u0131 olmaya ve size e\u015flik etmeye \u00e7al\u0131\u015faca\u011f\u0131z. \u2063<br>Online platformda ger\u00e7ekle\u015fecek bu yolculu\u011fa kat\u0131lmak isterseniz a\u015fa\u011f\u0131daki tarihlerden size uygun olan\u0131n\u0131 se\u00e7erek bizimle ileti\u015fime ge\u00e7ebilirsiniz:\u2063<br>Hafta i\u00e7i: 3-10-17-24 Aral\u0131k (19.00-20.30)\u2063<br>Hafta sonu: 5-12-19-26 Aral\u0131k (11.00-12.30)\u2063<br>4 Oturumluk At\u00f6lye \u00dccreti: 200 TL \u2063<br>\u2063<br>At\u00f6lye geliri \u0130zmir depreminden etkilenmi\u015f olan ki\u015filere yard\u0131mc\u0131 olmas\u0131 amac\u0131yla AKUT&#8217;a aktar\u0131lacakt\u0131r.<\/p>\n","protected":false},"excerpt":{"rendered":"<p>Duygular\u0131m\u0131z\u0131n, al\u0131\u015fkanl\u0131klar\u0131m\u0131z\u0131n, ya\u015fam d\u00f6ng\u00fcm\u00fcz\u00fcn de\u011fi\u015fti\u011fi ve d\u00f6n\u00fc\u015ft\u00fc\u011f\u00fc bir zamanday\u0131z. Biz de sanat\u0131n iyile\u015ftirici g\u00fcc\u00fcn\u00fc birlikte deneyimlemi\u015f \u00fc\u00e7 arkada\u015f Buket Din\u00e7elli Ela Ural ve Duygu Bilgin<a href=\"http:\/\/www.lavidanismanlik.com.tr\/?p=1640\" class=\"more-link\"><span class=\"screen-reader-text\"> &#8220;Sanatla Fark\u0131ndal\u0131k Yolculu\u011fu&#8221;<\/span><\/a><\/p>\n","protected":false},"author":1,"featured_media":1641,"comment_status":"closed","ping_status":"closed","sticky":false,"template":"","format":"standard","meta":{"_vp_format_video_url":"","_vp_image_focal_point":[]},"categories":[28],"tags":[45,31,53],"_links":{"self":[{"href":"http:\/\/www.lavidanismanlik.com.tr\/index.php?rest_route=\/wp\/v2\/posts\/1640"}],"collection":[{"href":"http:\/\/www.lavidanismanlik.com.tr\/index.php?rest_route=\/wp\/v2\/posts"}],"about":[{"href":"http:\/\/www.lavidanismanlik.com.tr\/index.php?rest_route=\/wp\/v2\/types\/post"}],"author":[{"embeddable":true,"href":"http:\/\/www.lavidanismanlik.com.tr\/index.php?rest_route=\/wp\/v2\/users\/1"}],"replies":[{"embeddable":true,"href":"http:\/\/www.lavidanismanlik.com.tr\/index.php?rest_route=%2Fwp%2Fv2%2Fcomments&post=1640"}],"version-history":[{"count":1,"href":"http:\/\/www.lavidanismanlik.com.tr\/index.php?rest_route=\/wp\/v2\/posts\/1640\/revisions"}],"predecessor-version":[{"id":1642,"href":"http:\/\/www.lavidanismanlik.com.tr\/index.php?rest_route=\/wp\/v2\/posts\/1640\/revisions\/1642"}],"wp:featuredmedia":[{"embeddable":true,"href":"http:\/\/www.lavidanismanlik.com.tr\/index.php?rest_route=\/wp\/v2\/media\/1641"}],"wp:attachment":[{"href":"http:\/\/www.lavidanismanlik.com.tr\/index.php?rest_route=%2Fwp%2Fv2%2Fmedia&parent=1640"}],"wp:term":[{"taxonomy":"category","embeddable":true,"href":"http:\/\/www.lavidanismanlik.com.tr\/index.php?rest_route=%2Fwp%2Fv2%2Fcategories&post=1640"},{"taxonomy":"post_tag","embeddable":true,"href":"http:\/\/www.lavidanismanlik.com.tr\/index.php?rest_route=%2Fwp%2Fv2%2Ftags&post=1640"}],"curies":[{"name":"wp","href":"https:\/\/api.w.org\/{rel}","templated":true}]}}